{"id":1506,"date":"2019-05-02T15:48:44","date_gmt":"2019-05-02T13:48:44","guid":{"rendered":"http:\/\/www.essi-net.eu\/?p=1506"},"modified":"2019-05-02T15:48:44","modified_gmt":"2019-05-02T13:48:44","slug":"nora-milotay","status":"publish","type":"post","link":"https:\/\/www.essi-net.eu\/?p=1506","title":{"rendered":"N\u00f3ra Milotay"},"content":{"rendered":"<p><strong>N\u00f3ra Milotay<\/strong> is a policy analyst at the European Parliamentary Research Service, working on issues of European social policy. She joined the service in November 2015 after having worked on education policy, particularly in relation to schools, in Hungary and then for many years at the European Commission. She has built up European policy cooperation within the field of early childhood education and care. Her main areas of interest are issues of inequality, governance and social innovation. A historian by training, she holds a BA Hons. from E\u00f6tv\u00f6s Lor\u00e1nd University, Budapest, \u00a0an MA from the Central European University,\u00a0 Budapest and an MPhil and a PhD\u00a0 from the University of Cambridge. With a background in research, policy and practice, Ms Milotay&#8217;s particular focus is on their intersection.<\/p>\n<p>&nbsp;<\/p>\n","protected":false},"excerpt":{"rendered":"<p>N\u00f3ra Milotay is a policy analyst at the European Parliamentary Research Service, working on issues of European social policy. She joined the service in November 2015 after having worked on education policy, particularly in relation to schools, in Hungary and then for many years at the European Commission. She has built up European policy cooperation [&hellip;]<\/p>\n","protected":false},"author":14,"featured_media":1507,"comment_status":"closed","ping_status":"open","sticky":false,"template":"","format":"standard","meta":{"footnotes":""},"categories":[68],"tags":[],"class_list":["post-1506","post","type-post","status-publish","format-standard","has-post-thumbnail","hentry","category-speakers-panellists-session-leaders"],"_links":{"self":[{"href":"https:\/\/www.essi-net.eu\/index.php?rest_route=\/wp\/v2\/posts\/1506","targetHints":{"allow":["GET"]}}],"collection":[{"href":"https:\/\/www.essi-net.eu\/index.php?rest_route=\/wp\/v2\/posts"}],"about":[{"href":"https:\/\/www.essi-net.eu\/index.php?rest_route=\/wp\/v2\/types\/post"}],"author":[{"embeddable":true,"href":"https:\/\/www.essi-net.eu\/index.php?rest_route=\/wp\/v2\/users\/14"}],"replies":[{"embeddable":true,"href":"https:\/\/www.essi-net.eu\/index.php?rest_route=%2Fwp%2Fv2%2Fcomments&post=1506"}],"version-history":[{"count":1,"href":"https:\/\/www.essi-net.eu\/index.php?rest_route=\/wp\/v2\/posts\/1506\/revisions"}],"predecessor-version":[{"id":1508,"href":"https:\/\/www.essi-net.eu\/index.php?rest_route=\/wp\/v2\/posts\/1506\/revisions\/1508"}],"wp:featuredmedia":[{"embeddable":true,"href":"https:\/\/www.essi-net.eu\/index.php?rest_route=\/wp\/v2\/media\/1507"}],"wp:attachment":[{"href":"https:\/\/www.essi-net.eu\/index.php?rest_route=%2Fwp%2Fv2%2Fmedia&parent=1506"}],"wp:term":[{"taxonomy":"category","embeddable":true,"href":"https:\/\/www.essi-net.eu\/index.php?rest_route=%2Fwp%2Fv2%2Fcategories&post=1506"},{"taxonomy":"post_tag","embeddable":true,"href":"https:\/\/www.essi-net.eu\/index.php?rest_route=%2Fwp%2Fv2%2Ftags&post=1506"}],"curies":[{"name":"wp","href":"https:\/\/api.w.org\/{rel}","templated":true}]}}